{"id":2451,"date":"2019-07-23T14:08:51","date_gmt":"2019-07-23T14:08:51","guid":{"rendered":"https:\/\/deothering.ces.uc.pt\/?p=2451"},"modified":"2019-11-20T14:10:51","modified_gmt":"2019-11-20T14:10:51","slug":"christian-imaginaries-in-the-remembrance-of-the-flight-and-expulsion-at-the-end-of-the-second-world-war","status":"publish","type":"post","link":"https:\/\/deothering.ces.uc.pt\/en_GB\/2019\/07\/23\/christian-imaginaries-in-the-remembrance-of-the-flight-and-expulsion-at-the-end-of-the-second-world-war\/","title":{"rendered":"Christian imaginaries in the remembrance of the Flight and Expulsion at the End of the Second World War"},"content":{"rendered":"[vc_row type=&#8221;full_width_content&#8221; full_screen_row_position=&#8221;middle&#8221; equal_height=&#8221;yes&#8221; bg_color=&#8221;#bf0442&#8243; scene_position=&#8221;center&#8221; text_color=&#8221;dark&#8221; text_align=&#8221;left&#8221; bottom_padding=&#8221;600&#8243; color_overlay=&#8221;#bf0442&#8243; overlay_strength=&#8221;0.8&#8243; shape_divider_position=&#8221;bottom&#8221; bg_image_animation=&#8221;none&#8221; shape_type=&#8221;&#8221;][vc_column column_padding=&#8221;no-extra-padding&#8221; column_padding_position=&#8221;all&#8221; background_color_opacity=&#8221;1&#8243; background_hover_color_opacity=&#8221;1&#8243; column_link_target=&#8221;_self&#8221; column_shadow=&#8221;none&#8221; column_border_radius=&#8221;none&#8221; width=&#8221;1\/1&#8243; tablet_width_inherit=&#8221;default&#8221; tablet_text_alignment=&#8221;default&#8221; phone_text_alignment=&#8221;default&#8221; column_border_width=&#8221;none&#8221; column_border_style=&#8221;solid&#8221; bg_image_animation=&#8221;none&#8221;][vc_column_text][\/vc_column_text][\/vc_column][\/vc_row][vc_row type=&#8221;in_container&#8221; full_screen_row_position=&#8221;middle&#8221; scene_position=&#8221;center&#8221; text_color=&#8221;dark&#8221; text_align=&#8221;left&#8221; overlay_strength=&#8221;0.3&#8243; shape_divider_position=&#8221;bottom&#8221; bg_image_animation=&#8221;none&#8221;][vc_column column_padding=&#8221;no-extra-padding&#8221; column_padding_position=&#8221;all&#8221; background_color_opacity=&#8221;1&#8243; background_hover_color_opacity=&#8221;1&#8243; column_link_target=&#8221;_self&#8221; column_shadow=&#8221;none&#8221; column_border_radius=&#8221;none&#8221; top_margin=&#8221;40&#8243; bottom_margin=&#8221;40&#8243; width=&#8221;1\/1&#8243; tablet_width_inherit=&#8221;default&#8221; tablet_text_alignment=&#8221;default&#8221; phone_text_alignment=&#8221;default&#8221; column_border_width=&#8221;none&#8221; column_border_style=&#8221;solid&#8221; bg_image_animation=&#8221;none&#8221;][vc_column_text]<span style=\"color: #bf0442;\"><strong>Christian imaginaries in the remembrance of the Flight and Expulsion at the End of the Second World War<\/strong><\/span><\/p>\n<p class=\"p1\"><span class=\"s1\">J\u00falia Garraio<\/span><\/p>\n<p class=\"p1\"><span class=\"s1\">In Grossegesse, O.; Sousa, S.; Aguiar, M.; Matos, J., \u201cNo princ\u00edpio era a palavra\u201d \u2013 O lugar das Humanidade. Atas do XIX Col\u00f3quio de Outono.\u00a0<\/span><\/p>\n<p class=\"p2\"><span class=\"s2\">CEHUM \/ Ed. H\u00famus (2018)<\/span><\/p>\n[\/vc_column_text][\/vc_column][\/vc_row][vc_row type=&#8221;full_width_content&#8221; full_screen_row_position=&#8221;middle&#8221; scene_position=&#8221;center&#8221; text_color=&#8221;dark&#8221; text_align=&#8221;left&#8221; overlay_strength=&#8221;0.3&#8243; shape_divider_position=&#8221;bottom&#8221; bg_image_animation=&#8221;none&#8221; shape_type=&#8221;&#8221;][vc_column column_padding=&#8221;padding-5-percent&#8221; column_padding_position=&#8221;left-right&#8221; background_color_opacity=&#8221;1&#8243; background_hover_color_opacity=&#8221;1&#8243; column_link_target=&#8221;_self&#8221; column_shadow=&#8221;none&#8221; column_border_radius=&#8221;none&#8221; top_margin=&#8221;60&#8243; width=&#8221;1\/1&#8243; tablet_width_inherit=&#8221;default&#8221; tablet_text_alignment=&#8221;default&#8221; phone_text_alignment=&#8221;default&#8221; column_border_width=&#8221;none&#8221; column_border_style=&#8221;solid&#8221; bg_image_animation=&#8221;none&#8221;][vc_column_text]\n<h3 style=\"text-align: center;\"><span style=\"color: #bf0442;\">Corresponding Publications<\/span><\/h3>\n[\/vc_column_text]\t\t\t<div class=\"row blog-recent columns-4\" data-style=\"minimal\" data-color-scheme=\"light\" data-remove-post-date=\"1\" data-remove-post-author=\"1\" data-remove-post-comment-number=\"1\" data-remove-post-nectar-love=\"1\">\r\n\t\t\t\t\r\n\t\t\t\t\r\n\t\t\t\t<div class=\"col span_3 post-3132 post type-post status-publish format-standard has-post-thumbnail category-book-chapters category-italia\" >\r\n\t\t\t\t\t\r\n\t\t\t\t\t\r\n\t\t\t\t\t\t\t<a href=\"https:\/\/deothering.ces.uc.pt\/en_GB\/2021\/05\/12\/monstrous-beauties-bodies-in-motion-between-colonial-archives-and-the-migrant-and-refugee-crisis\/\"><\/a>\r\n\t\t\t\t\t\t\t<div class=\"post-header\">\r\n\t\t\t\t\t\t\t\t<span class=\"meta\"> <span> 2021-05-12<\/span> in <a href=\"https:\/\/deothering.ces.uc.pt\/en_GB\/category\/book-chapters\/\">Book Chapters<\/a>, <a href=\"https:\/\/deothering.ces.uc.pt\/en_GB\/category\/italia\/\">Italy<\/a> <\/span> \r\n\t\t\t\t\t\t\t\t<h3 class=\"title\">Monstrous beauties: bodies in motion between colonial archives and the migrant and refugee crisis<\/h3>\t\r\n\t\t\t\t\t\t\t<\/div><!--\/post-header-->\r\n\t\t\t\t\t\t\t<div class=\"excerpt\">Gaia Giuliani, In in Tate, S.A. (org.), Palgrave Handbook on Race and Gender. Londres: Palgrave, 2021 (forthcoming)<\/div>\t\t\t\t\t\t\t<span>Read More <i class=\"icon-button-arrow\"><\/i><\/span>\r\n\r\n\t\t\t\t\t\t\t\t\t\t\t\r\n\t\t\t\t<\/div><!--\/col-->\r\n\t\t\t\t\r\n\t\t\t\t\r\n\t\t\t\t<div class=\"col span_3 post-3130 post type-post status-publish format-standard has-post-thumbnail category-book-chapters\" >\r\n\t\t\t\t\t\r\n\t\t\t\t\t\r\n\t\t\t\t\t\t\t<a href=\"https:\/\/deothering.ces.uc.pt\/en_GB\/2021\/05\/12\/feminismos-e-teoria-critica-encontros-e-desencontros\/\"><\/a>\r\n\t\t\t\t\t\t\t<div class=\"post-header\">\r\n\t\t\t\t\t\t\t\t<span class=\"meta\"> <span> 2021-05-12<\/span> in <a href=\"https:\/\/deothering.ces.uc.pt\/en_GB\/category\/book-chapters\/\">Book Chapters<\/a> <\/span> \r\n\t\t\t\t\t\t\t\t<h3 class=\"title\">Feminismos e teoria cr\u00edtica: encontros e desencontros<\/h3>\t\r\n\t\t\t\t\t\t\t<\/div><!--\/post-header-->\r\n\t\t\t\t\t\t\t<div class=\"excerpt\">S\u00edlvia Roque e Rita Santos, in Pureza, J.M. and Ferreira, M. (orgs), Emancipar o mundo: Teoria Cr\u00edtica e Rela\u00e7\u00f5es Internacionais, Coimbra: Almedina, 2021<\/div>\t\t\t\t\t\t\t<span>Read More <i class=\"icon-button-arrow\"><\/i><\/span>\r\n\r\n\t\t\t\t\t\t\t\t\t\t\t\r\n\t\t\t\t<\/div><!--\/col-->\r\n\t\t\t\t\r\n\t\t\t\t\r\n\t\t\t\t<div class=\"col span_3 post-3128 post type-post status-publish format-standard has-post-thumbnail category-book-chapters category-portugal\" >\r\n\t\t\t\t\t\r\n\t\t\t\t\t\r\n\t\t\t\t\t\t\t<a href=\"https:\/\/deothering.ces.uc.pt\/en_GB\/2021\/05\/12\/admiravel-mundo-velho-os-e-continuuns-de-poder-nas-relacoes-internacionais-da-era-digital\/\"><\/a>\r\n\t\t\t\t\t\t\t<div class=\"post-header\">\r\n\t\t\t\t\t\t\t\t<span class=\"meta\"> <span> 2021-05-12<\/span> in <a href=\"https:\/\/deothering.ces.uc.pt\/en_GB\/category\/book-chapters\/\">Book Chapters<\/a>, <a href=\"https:\/\/deothering.ces.uc.pt\/en_GB\/category\/portugal\/\">Portugal<\/a> <\/span> \r\n\t\t\t\t\t\t\t\t<h3 class=\"title\">Admir\u00e1vel mundo velho: Os (e-)continuuns de poder nas Rela\u00e7\u00f5es Internacionais da era digital<\/h3>\t\r\n\t\t\t\t\t\t\t<\/div><!--\/post-header-->\r\n\t\t\t\t\t\t\t<div class=\"excerpt\">Sofia J Santos, in Pureza, J M, Ferreira, M (orgs.), Emancipar o mundo: Teoria Cr\u00edtica e Rela\u00e7\u00f5es Internacionais, Coimbra: Almedina, 2021<\/div>\t\t\t\t\t\t\t<span>Read More <i class=\"icon-button-arrow\"><\/i><\/span>\r\n\r\n\t\t\t\t\t\t\t\t\t\t\t\r\n\t\t\t\t<\/div><!--\/col-->\r\n\t\t\t\t\r\n\t\t\t\t\r\n\t\t\t\t<div class=\"col span_3 post-3126 post type-post status-publish format-standard has-post-thumbnail category-book-chapters category-portugal\" >\r\n\t\t\t\t\t\r\n\t\t\t\t\t\r\n\t\t\t\t\t\t\t<a href=\"https:\/\/deothering.ces.uc.pt\/en_GB\/2021\/05\/12\/as-fronteiras-que-nos-fazem-migracoes-para-a-europa-e-espacos-portugueses-na-cinematografia-do-seculo-xxi\/\"><\/a>\r\n\t\t\t\t\t\t\t<div class=\"post-header\">\r\n\t\t\t\t\t\t\t\t<span class=\"meta\"> <span> 2021-05-12<\/span> in <a href=\"https:\/\/deothering.ces.uc.pt\/en_GB\/category\/book-chapters\/\">Book Chapters<\/a>, <a href=\"https:\/\/deothering.ces.uc.pt\/en_GB\/category\/portugal\/\">Portugal<\/a> <\/span> \r\n\t\t\t\t\t\t\t\t<h3 class=\"title\">As fronteiras que nos fazem: migra\u00e7\u00f5es para a Europa e espa\u00e7os portugueses na cinematografia do s\u00e9culo XXI<\/h3>\t\r\n\t\t\t\t\t\t\t<\/div><!--\/post-header-->\r\n\t\t\t\t\t\t\t<div class=\"excerpt\">J\u00falia Garraio, In Santingen, K., Gimeno, E. (orgs.) Ugalde sobre cinema e migra\u00e7\u00e3o no cinema ibero-americano, 2021<\/div>\t\t\t\t\t\t\t<span>Read More <i class=\"icon-button-arrow\"><\/i><\/span>\r\n\r\n\t\t\t\t\t\t\t\t\t\t\t\r\n\t\t\t\t<\/div><!--\/col-->\r\n\t\t\t\t\r\n\t\t\t\t\t\t\r\n\t\t\t<\/div><!--\/blog-recent-->\r\n\t\t\r\n\t\t[\/vc_column][\/vc_row]\n","protected":false},"excerpt":{"rendered":"J\u00falia Garraio In Grossegesse, O.; Sousa, S.; Aguiar, M.; Matos, J., \u201cNo princ\u00edpio era a palavra\u201d \u2013 O lugar das Humanidade. Atas do XIX Col\u00f3quio de Outono.\u00a0CEHUM \/ Ed. H\u00famus, 2018.","protected":false},"author":1,"featured_media":2617,"comment_status":"closed","ping_status":"open","sticky":false,"template":"","format":"standard","meta":{"footnotes":""},"categories":[21],"tags":[],"yoast_head":"<!-- This site is optimized with the Yoast SEO plugin v17.6 - https:\/\/yoast.com\/wordpress\/plugins\/seo\/ -->\n<title>Christian imaginaries in the remembrance of the Flight and Expulsion at the End of the Second World War - DeOthering<\/title>\n<meta name=\"description\" content=\"(De)othering is a 36 month research project (2018-2021) which seeks to examine the media and political representations of migrants, refugees and \u201cinternal others\u201d in Portugal and across Europe.\" \/>\n<meta name=\"robots\" content=\"index, follow, max-snippet:-1, max-image-preview:large, max-video-preview:-1\" \/>\n<link rel=\"canonical\" href=\"https:\/\/deothering.ces.uc.pt\/en_GB\/2019\/07\/23\/christian-imaginaries-in-the-remembrance-of-the-flight-and-expulsion-at-the-end-of-the-second-world-war\/\" \/>\n<meta property=\"og:locale\" content=\"pt_PT\" \/>\n<meta property=\"og:type\" content=\"article\" \/>\n<meta property=\"og:title\" content=\"Christian imaginaries in the remembrance of the Flight and Expulsion at the End of the Second World War - DeOthering\" \/>\n<meta property=\"og:description\" content=\"(De)othering is a 36 month research project (2018-2021) which seeks to examine the media and political representations of migrants, refugees and \u201cinternal others\u201d in Portugal and across Europe.\" \/>\n<meta property=\"og:url\" content=\"https:\/\/deothering.ces.uc.pt\/en_GB\/2019\/07\/23\/christian-imaginaries-in-the-remembrance-of-the-flight-and-expulsion-at-the-end-of-the-second-world-war\/\" \/>\n<meta property=\"og:site_name\" content=\"DeOthering\" \/>\n<meta property=\"article:published_time\" content=\"2019-07-23T14:08:51+00:00\" \/>\n<meta property=\"article:modified_time\" content=\"2019-11-20T14:10:51+00:00\" \/>\n<meta property=\"og:image\" content=\"https:\/\/deothering.ces.uc.pt\/wp-content\/uploads\/2019\/07\/Untitled-1-01-2.png\" \/>\n\t<meta property=\"og:image:width\" content=\"1200\" \/>\n\t<meta property=\"og:image:height\" content=\"630\" \/>\n<meta name=\"twitter:label1\" content=\"Escrito por\" \/>\n\t<meta name=\"twitter:data1\" content=\"deothering\" \/>\n\t<meta name=\"twitter:label2\" content=\"Tempo estimado de leitura\" \/>\n\t<meta name=\"twitter:data2\" content=\"2 minutos\" \/>\n<script type=\"application\/ld+json\" class=\"yoast-schema-graph\">{\"@context\":\"https:\/\/schema.org\",\"@graph\":[{\"@type\":\"Organization\",\"@id\":\"https:\/\/deothering.ces.uc.pt\/en_GB\/#organization\",\"name\":\"(De)Othering\",\"url\":\"https:\/\/deothering.ces.uc.pt\/en_GB\/\",\"sameAs\":[],\"logo\":{\"@type\":\"ImageObject\",\"@id\":\"https:\/\/deothering.ces.uc.pt\/en_GB\/#logo\",\"inLanguage\":\"pt-PT\",\"url\":\"https:\/\/deothering.ces.uc.pt\/wp-content\/uploads\/2019\/07\/Untitled-1-01.png\",\"contentUrl\":\"https:\/\/deothering.ces.uc.pt\/wp-content\/uploads\/2019\/07\/Untitled-1-01.png\",\"width\":1200,\"height\":630,\"caption\":\"(De)Othering\"},\"image\":{\"@id\":\"https:\/\/deothering.ces.uc.pt\/en_GB\/#logo\"}},{\"@type\":\"WebSite\",\"@id\":\"https:\/\/deothering.ces.uc.pt\/en_GB\/#website\",\"url\":\"https:\/\/deothering.ces.uc.pt\/en_GB\/\",\"name\":\"DeOthering\",\"description\":\"(De)othering e\\u0301 um projeto de investigac\\u0327a\\u0303o de tre\\u0302s anos (2018-2021), que pretende analisar as representac\\u0327o\\u0303es media\\u0301ticas e poli\\u0301ticas de migrantes, refugiados e outros internos em Portugal e na Europa.\",\"publisher\":{\"@id\":\"https:\/\/deothering.ces.uc.pt\/en_GB\/#organization\"},\"potentialAction\":[{\"@type\":\"SearchAction\",\"target\":{\"@type\":\"EntryPoint\",\"urlTemplate\":\"https:\/\/deothering.ces.uc.pt\/en_GB\/?s={search_term_string}\"},\"query-input\":\"required name=search_term_string\"}],\"inLanguage\":\"pt-PT\"},{\"@type\":\"ImageObject\",\"@id\":\"https:\/\/deothering.ces.uc.pt\/en_GB\/2019\/07\/23\/christian-imaginaries-in-the-remembrance-of-the-flight-and-expulsion-at-the-end-of-the-second-world-war\/#primaryimage\",\"inLanguage\":\"pt-PT\",\"url\":\"https:\/\/deothering.ces.uc.pt\/wp-content\/uploads\/2019\/07\/Untitled-1-01-2.png\",\"contentUrl\":\"https:\/\/deothering.ces.uc.pt\/wp-content\/uploads\/2019\/07\/Untitled-1-01-2.png\",\"width\":1200,\"height\":630,\"caption\":\"...\"},{\"@type\":\"WebPage\",\"@id\":\"https:\/\/deothering.ces.uc.pt\/en_GB\/2019\/07\/23\/christian-imaginaries-in-the-remembrance-of-the-flight-and-expulsion-at-the-end-of-the-second-world-war\/#webpage\",\"url\":\"https:\/\/deothering.ces.uc.pt\/en_GB\/2019\/07\/23\/christian-imaginaries-in-the-remembrance-of-the-flight-and-expulsion-at-the-end-of-the-second-world-war\/\",\"name\":\"Christian imaginaries in the remembrance of the Flight and Expulsion at the End of the Second World War - DeOthering\",\"isPartOf\":{\"@id\":\"https:\/\/deothering.ces.uc.pt\/en_GB\/#website\"},\"primaryImageOfPage\":{\"@id\":\"https:\/\/deothering.ces.uc.pt\/en_GB\/2019\/07\/23\/christian-imaginaries-in-the-remembrance-of-the-flight-and-expulsion-at-the-end-of-the-second-world-war\/#primaryimage\"},\"datePublished\":\"2019-07-23T14:08:51+00:00\",\"dateModified\":\"2019-11-20T14:10:51+00:00\",\"description\":\"(De)othering is a 36 month research project (2018-2021) which seeks to examine the media and political representations of migrants, refugees and \\u201cinternal others\\u201d in Portugal and across Europe.\",\"breadcrumb\":{\"@id\":\"https:\/\/deothering.ces.uc.pt\/en_GB\/2019\/07\/23\/christian-imaginaries-in-the-remembrance-of-the-flight-and-expulsion-at-the-end-of-the-second-world-war\/#breadcrumb\"},\"inLanguage\":\"pt-PT\",\"potentialAction\":[{\"@type\":\"ReadAction\",\"target\":[\"https:\/\/deothering.ces.uc.pt\/en_GB\/2019\/07\/23\/christian-imaginaries-in-the-remembrance-of-the-flight-and-expulsion-at-the-end-of-the-second-world-war\/\"]}]},{\"@type\":\"BreadcrumbList\",\"@id\":\"https:\/\/deothering.ces.uc.pt\/en_GB\/2019\/07\/23\/christian-imaginaries-in-the-remembrance-of-the-flight-and-expulsion-at-the-end-of-the-second-world-war\/#breadcrumb\",\"itemListElement\":[{\"@type\":\"ListItem\",\"position\":1,\"name\":\"In\\u00edcio\",\"item\":\"https:\/\/deothering.ces.uc.pt\/en_GB\/\"},{\"@type\":\"ListItem\",\"position\":2,\"name\":\"Christian imaginaries in the remembrance of the Flight and Expulsion at the End of the Second World War\"}]},{\"@type\":\"Article\",\"@id\":\"https:\/\/deothering.ces.uc.pt\/en_GB\/2019\/07\/23\/christian-imaginaries-in-the-remembrance-of-the-flight-and-expulsion-at-the-end-of-the-second-world-war\/#article\",\"isPartOf\":{\"@id\":\"https:\/\/deothering.ces.uc.pt\/en_GB\/2019\/07\/23\/christian-imaginaries-in-the-remembrance-of-the-flight-and-expulsion-at-the-end-of-the-second-world-war\/#webpage\"},\"author\":{\"@id\":\"https:\/\/deothering.ces.uc.pt\/en_GB\/#\/schema\/person\/2b7e58fb30f98689a44f12cee6dea3ea\"},\"headline\":\"Christian imaginaries in the remembrance of the Flight and Expulsion at the End of the Second World War\",\"datePublished\":\"2019-07-23T14:08:51+00:00\",\"dateModified\":\"2019-11-20T14:10:51+00:00\",\"mainEntityOfPage\":{\"@id\":\"https:\/\/deothering.ces.uc.pt\/en_GB\/2019\/07\/23\/christian-imaginaries-in-the-remembrance-of-the-flight-and-expulsion-at-the-end-of-the-second-world-war\/#webpage\"},\"wordCount\":401,\"publisher\":{\"@id\":\"https:\/\/deothering.ces.uc.pt\/en_GB\/#organization\"},\"image\":{\"@id\":\"https:\/\/deothering.ces.uc.pt\/en_GB\/2019\/07\/23\/christian-imaginaries-in-the-remembrance-of-the-flight-and-expulsion-at-the-end-of-the-second-world-war\/#primaryimage\"},\"thumbnailUrl\":\"https:\/\/deothering.ces.uc.pt\/wp-content\/uploads\/2019\/07\/Untitled-1-01-2.png\",\"articleSection\":[\"Book Chapters\"],\"inLanguage\":\"pt-PT\"},{\"@type\":\"Person\",\"@id\":\"https:\/\/deothering.ces.uc.pt\/en_GB\/#\/schema\/person\/2b7e58fb30f98689a44f12cee6dea3ea\",\"name\":\"deothering\",\"image\":{\"@type\":\"ImageObject\",\"@id\":\"https:\/\/deothering.ces.uc.pt\/en_GB\/#personlogo\",\"inLanguage\":\"pt-PT\",\"url\":\"https:\/\/secure.gravatar.com\/avatar\/04470afb812068a9c172270736ba4632?s=96&d=mm&r=g\",\"contentUrl\":\"https:\/\/secure.gravatar.com\/avatar\/04470afb812068a9c172270736ba4632?s=96&d=mm&r=g\",\"caption\":\"deothering\"},\"url\":\"https:\/\/deothering.ces.uc.pt\/en_GB\/author\/deothering\/\"}]}<\/script>\n<!-- \/ Yoast SEO plugin. -->","yoast_head_json":{"title":"Christian imaginaries in the remembrance of the Flight and Expulsion at the End of the Second World War - DeOthering","description":"(De)othering is a 36 month research project (2018-2021) which seeks to examine the media and political representations of migrants, refugees and \u201cinternal others\u201d in Portugal and across Europe.","robots":{"index":"index","follow":"follow","max-snippet":"max-snippet:-1","max-image-preview":"max-image-preview:large","max-video-preview":"max-video-preview:-1"},"canonical":"https:\/\/deothering.ces.uc.pt\/en_GB\/2019\/07\/23\/christian-imaginaries-in-the-remembrance-of-the-flight-and-expulsion-at-the-end-of-the-second-world-war\/","og_locale":"pt_PT","og_type":"article","og_title":"Christian imaginaries in the remembrance of the Flight and Expulsion at the End of the Second World War - DeOthering","og_description":"(De)othering is a 36 month research project (2018-2021) which seeks to examine the media and political representations of migrants, refugees and \u201cinternal others\u201d in Portugal and across Europe.","og_url":"https:\/\/deothering.ces.uc.pt\/en_GB\/2019\/07\/23\/christian-imaginaries-in-the-remembrance-of-the-flight-and-expulsion-at-the-end-of-the-second-world-war\/","og_site_name":"DeOthering","article_published_time":"2019-07-23T14:08:51+00:00","article_modified_time":"2019-11-20T14:10:51+00:00","og_image":[{"width":1200,"height":630,"url":"https:\/\/deothering.ces.uc.pt\/wp-content\/uploads\/2019\/07\/Untitled-1-01-2.png","type":"image\/png"}],"twitter_misc":{"Escrito por":"deothering","Tempo estimado de leitura":"2 minutos"},"schema":{"@context":"https:\/\/schema.org","@graph":[{"@type":"Organization","@id":"https:\/\/deothering.ces.uc.pt\/en_GB\/#organization","name":"(De)Othering","url":"https:\/\/deothering.ces.uc.pt\/en_GB\/","sameAs":[],"logo":{"@type":"ImageObject","@id":"https:\/\/deothering.ces.uc.pt\/en_GB\/#logo","inLanguage":"pt-PT","url":"https:\/\/deothering.ces.uc.pt\/wp-content\/uploads\/2019\/07\/Untitled-1-01.png","contentUrl":"https:\/\/deothering.ces.uc.pt\/wp-content\/uploads\/2019\/07\/Untitled-1-01.png","width":1200,"height":630,"caption":"(De)Othering"},"image":{"@id":"https:\/\/deothering.ces.uc.pt\/en_GB\/#logo"}},{"@type":"WebSite","@id":"https:\/\/deothering.ces.uc.pt\/en_GB\/#website","url":"https:\/\/deothering.ces.uc.pt\/en_GB\/","name":"DeOthering","description":"(De)othering e\u0301 um projeto de investigac\u0327a\u0303o de tre\u0302s anos (2018-2021), que pretende analisar as representac\u0327o\u0303es media\u0301ticas e poli\u0301ticas de migrantes, refugiados e outros internos em Portugal e na Europa.","publisher":{"@id":"https:\/\/deothering.ces.uc.pt\/en_GB\/#organization"},"potentialAction":[{"@type":"SearchAction","target":{"@type":"EntryPoint","urlTemplate":"https:\/\/deothering.ces.uc.pt\/en_GB\/?s={search_term_string}"},"query-input":"required name=search_term_string"}],"inLanguage":"pt-PT"},{"@type":"ImageObject","@id":"https:\/\/deothering.ces.uc.pt\/en_GB\/2019\/07\/23\/christian-imaginaries-in-the-remembrance-of-the-flight-and-expulsion-at-the-end-of-the-second-world-war\/#primaryimage","inLanguage":"pt-PT","url":"https:\/\/deothering.ces.uc.pt\/wp-content\/uploads\/2019\/07\/Untitled-1-01-2.png","contentUrl":"https:\/\/deothering.ces.uc.pt\/wp-content\/uploads\/2019\/07\/Untitled-1-01-2.png","width":1200,"height":630,"caption":"..."},{"@type":"WebPage","@id":"https:\/\/deothering.ces.uc.pt\/en_GB\/2019\/07\/23\/christian-imaginaries-in-the-remembrance-of-the-flight-and-expulsion-at-the-end-of-the-second-world-war\/#webpage","url":"https:\/\/deothering.ces.uc.pt\/en_GB\/2019\/07\/23\/christian-imaginaries-in-the-remembrance-of-the-flight-and-expulsion-at-the-end-of-the-second-world-war\/","name":"Christian imaginaries in the remembrance of the Flight and Expulsion at the End of the Second World War - DeOthering","isPartOf":{"@id":"https:\/\/deothering.ces.uc.pt\/en_GB\/#website"},"primaryImageOfPage":{"@id":"https:\/\/deothering.ces.uc.pt\/en_GB\/2019\/07\/23\/christian-imaginaries-in-the-remembrance-of-the-flight-and-expulsion-at-the-end-of-the-second-world-war\/#primaryimage"},"datePublished":"2019-07-23T14:08:51+00:00","dateModified":"2019-11-20T14:10:51+00:00","description":"(De)othering is a 36 month research project (2018-2021) which seeks to examine the media and political representations of migrants, refugees and \u201cinternal others\u201d in Portugal and across Europe.","breadcrumb":{"@id":"https:\/\/deothering.ces.uc.pt\/en_GB\/2019\/07\/23\/christian-imaginaries-in-the-remembrance-of-the-flight-and-expulsion-at-the-end-of-the-second-world-war\/#breadcrumb"},"inLanguage":"pt-PT","potentialAction":[{"@type":"ReadAction","target":["https:\/\/deothering.ces.uc.pt\/en_GB\/2019\/07\/23\/christian-imaginaries-in-the-remembrance-of-the-flight-and-expulsion-at-the-end-of-the-second-world-war\/"]}]},{"@type":"BreadcrumbList","@id":"https:\/\/deothering.ces.uc.pt\/en_GB\/2019\/07\/23\/christian-imaginaries-in-the-remembrance-of-the-flight-and-expulsion-at-the-end-of-the-second-world-war\/#breadcrumb","itemListElement":[{"@type":"ListItem","position":1,"name":"In\u00edcio","item":"https:\/\/deothering.ces.uc.pt\/en_GB\/"},{"@type":"ListItem","position":2,"name":"Christian imaginaries in the remembrance of the Flight and Expulsion at the End of the Second World War"}]},{"@type":"Article","@id":"https:\/\/deothering.ces.uc.pt\/en_GB\/2019\/07\/23\/christian-imaginaries-in-the-remembrance-of-the-flight-and-expulsion-at-the-end-of-the-second-world-war\/#article","isPartOf":{"@id":"https:\/\/deothering.ces.uc.pt\/en_GB\/2019\/07\/23\/christian-imaginaries-in-the-remembrance-of-the-flight-and-expulsion-at-the-end-of-the-second-world-war\/#webpage"},"author":{"@id":"https:\/\/deothering.ces.uc.pt\/en_GB\/#\/schema\/person\/2b7e58fb30f98689a44f12cee6dea3ea"},"headline":"Christian imaginaries in the remembrance of the Flight and Expulsion at the End of the Second World War","datePublished":"2019-07-23T14:08:51+00:00","dateModified":"2019-11-20T14:10:51+00:00","mainEntityOfPage":{"@id":"https:\/\/deothering.ces.uc.pt\/en_GB\/2019\/07\/23\/christian-imaginaries-in-the-remembrance-of-the-flight-and-expulsion-at-the-end-of-the-second-world-war\/#webpage"},"wordCount":401,"publisher":{"@id":"https:\/\/deothering.ces.uc.pt\/en_GB\/#organization"},"image":{"@id":"https:\/\/deothering.ces.uc.pt\/en_GB\/2019\/07\/23\/christian-imaginaries-in-the-remembrance-of-the-flight-and-expulsion-at-the-end-of-the-second-world-war\/#primaryimage"},"thumbnailUrl":"https:\/\/deothering.ces.uc.pt\/wp-content\/uploads\/2019\/07\/Untitled-1-01-2.png","articleSection":["Book Chapters"],"inLanguage":"pt-PT"},{"@type":"Person","@id":"https:\/\/deothering.ces.uc.pt\/en_GB\/#\/schema\/person\/2b7e58fb30f98689a44f12cee6dea3ea","name":"deothering","image":{"@type":"ImageObject","@id":"https:\/\/deothering.ces.uc.pt\/en_GB\/#personlogo","inLanguage":"pt-PT","url":"https:\/\/secure.gravatar.com\/avatar\/04470afb812068a9c172270736ba4632?s=96&d=mm&r=g","contentUrl":"https:\/\/secure.gravatar.com\/avatar\/04470afb812068a9c172270736ba4632?s=96&d=mm&r=g","caption":"deothering"},"url":"https:\/\/deothering.ces.uc.pt\/en_GB\/author\/deothering\/"}]}},"_links":{"self":[{"href":"https:\/\/deothering.ces.uc.pt\/en_GB\/wp-json\/wp\/v2\/posts\/2451"}],"collection":[{"href":"https:\/\/deothering.ces.uc.pt\/en_GB\/wp-json\/wp\/v2\/posts"}],"about":[{"href":"https:\/\/deothering.ces.uc.pt\/en_GB\/wp-json\/wp\/v2\/types\/post"}],"author":[{"embeddable":true,"href":"https:\/\/deothering.ces.uc.pt\/en_GB\/wp-json\/wp\/v2\/users\/1"}],"replies":[{"embeddable":true,"href":"https:\/\/deothering.ces.uc.pt\/en_GB\/wp-json\/wp\/v2\/comments?post=2451"}],"version-history":[{"count":9,"href":"https:\/\/deothering.ces.uc.pt\/en_GB\/wp-json\/wp\/v2\/posts\/2451\/revisions"}],"predecessor-version":[{"id":2707,"href":"https:\/\/deothering.ces.uc.pt\/en_GB\/wp-json\/wp\/v2\/posts\/2451\/revisions\/2707"}],"wp:featuredmedia":[{"embeddable":true,"href":"https:\/\/deothering.ces.uc.pt\/en_GB\/wp-json\/wp\/v2\/media\/2617"}],"wp:attachment":[{"href":"https:\/\/deothering.ces.uc.pt\/en_GB\/wp-json\/wp\/v2\/media?parent=2451"}],"wp:term":[{"taxonomy":"category","embeddable":true,"href":"https:\/\/deothering.ces.uc.pt\/en_GB\/wp-json\/wp\/v2\/categories?post=2451"},{"taxonomy":"post_tag","embeddable":true,"href":"https:\/\/deothering.ces.uc.pt\/en_GB\/wp-json\/wp\/v2\/tags?post=2451"}],"curies":[{"name":"wp","href":"https:\/\/api.w.org\/{rel}","templated":true}]}}